{"id":1141,"date":"2022-06-14T14:16:16","date_gmt":"2022-06-14T14:16:16","guid":{"rendered":"https:\/\/3dall.ro\/?p=1141"},"modified":"2025-11-06T11:32:07","modified_gmt":"2025-11-06T09:32:07","slug":"conferinta-internationala-a-clusterelor-din-transilvania-tict","status":"publish","type":"post","link":"https:\/\/3dall.ro\/es\/2022\/06\/14\/conferinta-internationala-a-clusterelor-din-transilvania-tict\/","title":{"rendered":"Conferin\u021ba Interna\u021bional\u0103 a Clusterelor din Transilvania (TICT)"},"content":{"rendered":"<p class=\" translation-block\">Conferin\u021ba Interna\u021bional\u0103 a Clusterelor din Transilvania (TICT) este un eveniment anual organizat de Consor\u021biul Clusterelor din Transilvania de Nord, cu scopul de a sprijini mediul economic \u0219i de a facilita schimbul interna\u021bional de cuno\u0219tin\u021be \u0219i bune practici, oferind o platform\u0103 de colaborare trans-sectorial\u0103 pentru abordarea provoc\u0103rilor globale. Conferin\u021ba este organizat\u0103 de Consor\u021biul Clusterelor din Transilvania de Nord ce are ca membri <a href=\"https:\/\/www.transilvaniait.ro\/\" target=\"_blank\" rel=\"noreferrer noopener\">Transilvania IT Cluster<\/a>, <a href=\"https:\/\/transylvanianfurniture.com\/\" target=\"_blank\" rel=\"noreferrer noopener\">Transylvanian Furniture Cluster<\/a>, <a href=\"https:\/\/agrocluster.ro\/\" target=\"_blank\" rel=\"noreferrer noopener\">AgroTransilvania Cluster<\/a>, <a href=\"http:\/\/creativetransilvania.ro\/\" target=\"_blank\" rel=\"noreferrer noopener\">Transilvania Creative Industries Cluster<\/a> \u0219i <a href=\"https:\/\/clustercollaboration.eu\/content\/transylvania-energy-cluster\" target=\"_blank\" rel=\"noreferrer noopener\">Transylvania Energy Cluster<\/a>.<\/p>\n\n\n\n<p>Anul acesta, conferin\u021ba organizat\u0103 de Consor\u021biul Clusterelor din Transilvania de Nord, se va desf\u0103\u0219ura la Cluj-Napoca, \u00een perioada 17 &#8211; 24 iunie 2022, \u00een cadrul Cluj Innovation Park \u0219i Centrul Regional de Excelen\u021b\u0103 \u00cen Industrii Creative. Este un eveniment de amploare care va \u00eembina expozi\u021biile \u0219i \u00eent\u00e2lnirile formale cu re\u021bele informale, tabere de inovare, mese rotunde, vizite la fabrici, prezent\u0103ri de cercetare \u0219i ateliere de lucru practice.<\/p>\n\n\n\n<p>Cele \u0219ase edi\u021bii anterioare ale conferin\u021bei au reunit peste 1.200 de participan\u021bi din mediul de afaceri, mediul academic, cercetare \u0219i administra\u021bie public\u0103, peste 200 de speakeri remarcabili \u0219i peste 500 de oportunit\u0103\u021bi de conectare a antreprenorilor \u0219i furnizorilor de inova\u021bie din \u00eentreaga lume, \u00een cadrul sesiunilor integrate de matchmaking.<\/p>\n\n\n\n<p class=\" translation-block\">Noutatea celei de-a 7-a edi\u021bii este <strong>TFCExpo<\/strong>, eveniment prin care <strong>Clusterul Mobilier Transilvan marcheaz\u0103 10 ani de activitate<\/strong>. <strong>TFCEexpo<\/strong> se va desf\u0103\u0219ura \u00een <a href=\"https:\/\/goo.gl\/maps\/EsHNDmzNhAQfjmkp6\" target=\"_blank\" rel=\"noreferrer noopener\">CREIC<\/a> \u0219i va reuni <strong>10 expozan\u021bi<\/strong> din domeniul produc\u021biei de mobilier, amenaj\u0103ri interioare \u0219i servicii conexe \u0219i este o expozi\u021bie pilot ce \u00ee\u0219i dore\u0219te s\u0103 devin\u0103 un eveniment anual de profil \u00een zona de nord a \u021b\u0103rii.<\/p>\n\n\n\n<p class=\" translation-block\">Pentru aceast\u0103 prim\u0103 edi\u021bie \u0219i-au anun\u021bat participarea <strong>Antares<\/strong> \u2013 cel mai mare produc\u0103tor de scaune de birou din Rom\u00e2nia, <strong>E-laborator<\/strong> \u2013 prodc\u0103tor de mobilier de laborator, <strong>Basic Point <\/strong>\u2013 produc\u0103tor de mobilier la comand\u0103 \u0219i \u00een serie,<strong> Tesagon<\/strong> \u2013 dezvoltatori de solu\u021bii digitale pentru industria produc\u0103toare de mobilier, <strong>Inno Robotics<\/strong> \u2013 solu\u021bii de automatizare industrial\u0103, <strong>Trend Furniture<\/strong> \u2013 speciali\u0219ti \u00een amenaj\u0103ri interioare HORECA, <strong>UVFurniture<\/strong> \u2013 produc\u0103tori de scaune \u0219i mese din lemn masiv, <strong>Salice<\/strong> \u2013 furnizor de materiale \u0219i accesorii pentru mobilier, <strong>Silva Nobillis<\/strong>, produc\u0103tori de mobilier \u0219i decora\u021biuni din lemn masiv \u0219i <strong>Universitatea de Art\u0103 \u0219i Design Cluj-Napoca<\/strong>.<\/p>\n\n\n\n<p class=\" translation-block\">\u00cen cadrul expozi\u021biei, Tesagon aduce tehnologiile digitale <a href=\"https:\/\/3dall.ro\/\" target=\"_blank\" rel=\"noreferrer noopener\">3D ALL<\/a> \u0219i&nbsp;<a href=\"https:\/\/iwerp.ro\/\" target=\"_blank\" rel=\"noreferrer noopener\">iWERP<\/a> special create pentru produc\u0103torii de mobilier, solu\u021bii menite s\u0103 eficientizeze \u00eentregul flux de produc\u021bie \u0219i management al afacerii. De asemenea, \u00een standul Tesagon \u00eei ve\u021bi reg\u0103si pe reprezentan\u021bii <a href=\"https:\/\/www.imos3d.com\/\" target=\"_blank\" rel=\"noreferrer noopener\">imos<\/a>, unul dintre cele mai complexe softuri de proiectare de mobilier \u0219i amenajare interioar\u0103.<\/p>\n\n\n\n<p class=\" translation-block\">Aici reg\u0103si\u021bi <a href=\"https:\/\/events.transylvanianclusters.ro\/en\/#agenda\" target=\"_blank\" rel=\"noreferrer noopener\">agenda evenimentului<\/a> \u0219i <a href=\"https:\/\/events.transylvanianclusters.ro\/en\/form.php\" target=\"_blank\" rel=\"noreferrer noopener\">formularul de \u00eenregistrare<\/a>.<\/p>\n\n\n\n<p>V\u0103 astept\u0103m \u00een Cluj, la Conferin\u021ba Interna\u021bional\u0103 a Clusterelor din Transilvania (TICT) &#8211; cel mai important eveniment de business al lunii iunie!<\/p>","protected":false},"excerpt":{"rendered":"<p>Conferin\u021ba Interna\u021bional\u0103 a Clusterelor din Transilvania (TICT) este un eveniment anual organizat de Consor\u021biul Clusterelor din Transilvania de Nord, cu scopul de a sprijini mediul economic \u0219i de a facilita schimbul interna\u021bional de cuno\u0219tin\u021be \u0219i bune practici, oferind o platform\u0103 de colaborare trans-sectorial\u0103 pentru abordarea provoc\u0103rilor globale. Conferin\u021ba este organizat\u0103 de Consor\u021biul Clusterelor din Transilvania [&hellip;]<\/p>","protected":false},"author":2,"featured_media":1145,"comment_status":"open","ping_status":"open","sticky":false,"template":"","format":"standard","meta":{"footnotes":""},"categories":[14],"tags":[],"class_list":["post-1141","post","type-post","status-publish","format-standard","has-post-thumbnail","hentry","category-industria-mobilei"],"_links":{"self":[{"href":"https:\/\/3dall.ro\/es\/wp-json\/wp\/v2\/posts\/1141","targetHints":{"allow":["GET"]}}],"collection":[{"href":"https:\/\/3dall.ro\/es\/wp-json\/wp\/v2\/posts"}],"about":[{"href":"https:\/\/3dall.ro\/es\/wp-json\/wp\/v2\/types\/post"}],"author":[{"embeddable":true,"href":"https:\/\/3dall.ro\/es\/wp-json\/wp\/v2\/users\/2"}],"replies":[{"embeddable":true,"href":"https:\/\/3dall.ro\/es\/wp-json\/wp\/v2\/comments?post=1141"}],"version-history":[{"count":7,"href":"https:\/\/3dall.ro\/es\/wp-json\/wp\/v2\/posts\/1141\/revisions"}],"predecessor-version":[{"id":1151,"href":"https:\/\/3dall.ro\/es\/wp-json\/wp\/v2\/posts\/1141\/revisions\/1151"}],"wp:featuredmedia":[{"embeddable":true,"href":"https:\/\/3dall.ro\/es\/wp-json\/wp\/v2\/media\/1145"}],"wp:attachment":[{"href":"https:\/\/3dall.ro\/es\/wp-json\/wp\/v2\/media?parent=1141"}],"wp:term":[{"taxonomy":"category","embeddable":true,"href":"https:\/\/3dall.ro\/es\/wp-json\/wp\/v2\/categories?post=1141"},{"taxonomy":"post_tag","embeddable":true,"href":"https:\/\/3dall.ro\/es\/wp-json\/wp\/v2\/tags?post=1141"}],"curies":[{"name":"wp","href":"https:\/\/api.w.org\/{rel}","templated":true}]}}