{"id":1866,"date":"2024-05-29T09:28:56","date_gmt":"2024-05-29T06:28:56","guid":{"rendered":"https:\/\/3dall.ro\/?p=1866"},"modified":"2024-05-29T09:28:57","modified_gmt":"2024-05-29T06:28:57","slug":"program-proiectare-mobila-3d-all-v1-4-0","status":"publish","type":"post","link":"https:\/\/3dall.ro\/es\/2024\/05\/29\/program-proiectare-mobila-3d-all-v1-4-0\/","title":{"rendered":"Program proiectare mobil\u0103 3D ALL v1.4.0"},"content":{"rendered":"<p>Suntem entuziasma\u021bi s\u0103 anun\u021b\u0103m lansarea celei mai noi versiuni a programului nostru de proiectare mobilier, 3D ALL v1.4.0! Ne dedic\u0103m constant \u00eembun\u0103t\u0103\u021birii experien\u021bei utilizatorilor no\u0219tri, oferindu-le instrumente intuitive \u0219i o bibliotec\u0103 bogat\u0103 de op\u021biuni pentru a crea proiecte de mobil\u0103 uimitoare.<\/p>\n\n\n\n<h4 class=\"wp-block-heading\">Corpuri configurabile cu compartimente verticale<\/h4>\n\n\n\n<p>Am ad\u0103ugat \u00een catalogul de buc\u0103t\u0103rii 3 corpuri noi cu compartimentare pe vertical\u0103. Acestea deservesc configura\u021biile uzuale: corp de baz\u0103, corp suspendat, corp turn. Pentru corpurile a\u0219ezate pe sol, am ad\u0103ugat op\u021biune de a elimina placa inferioar\u0103 pentru a permite pozi\u021bionarea unui aparat electrocasnic.<\/p>\n\n\n<div class=\"wp-block-image\">\n<figure class=\"aligncenter size-full\"><img loading=\"lazy\" decoding=\"async\" width=\"1007\" height=\"810\" src=\"https:\/\/3dall.ro\/wp-content\/uploads\/2024\/05\/Corp-comp-vertical-fara-placa-inf.jpg\" alt=\"\" class=\"wp-image-1875\" title=\"\" srcset=\"https:\/\/3dall.ro\/wp-content\/uploads\/2024\/05\/Corp-comp-vertical-fara-placa-inf.jpg 1007w, https:\/\/3dall.ro\/wp-content\/uploads\/2024\/05\/Corp-comp-vertical-fara-placa-inf-300x241.jpg 300w, https:\/\/3dall.ro\/wp-content\/uploads\/2024\/05\/Corp-comp-vertical-fara-placa-inf-768x618.jpg 768w, https:\/\/3dall.ro\/wp-content\/uploads\/2024\/05\/Corp-comp-vertical-fara-placa-inf-15x12.jpg 15w\" sizes=\"auto, (max-width: 1007px) 100vw, 1007px\" \/><\/figure>\n<\/div>\n\n\n<h4 class=\"wp-block-heading\">Actualizare catalog de decoruri<\/h4>\n\n\n\n<p>Aceast\u0103 versiune aduce actualizarea catalogului nostru de decoruri de materiale \u0219i canturi, cuprinz\u00e2nd o gam\u0103 larg\u0103 de produse de la branduri renumite precum AGT, Kastamonu, Egger, Kronospan, Staron \u0219i Hanex.<\/p>\n\n\n<div class=\"wp-block-image\">\n<figure class=\"aligncenter size-full\"><img loading=\"lazy\" decoding=\"async\" width=\"606\" height=\"391\" src=\"https:\/\/3dall.ro\/wp-content\/uploads\/2024\/05\/Materiale-Kastamonu-1.jpg\" alt=\"\" class=\"wp-image-1871\" title=\"\" srcset=\"https:\/\/3dall.ro\/wp-content\/uploads\/2024\/05\/Materiale-Kastamonu-1.jpg 606w, https:\/\/3dall.ro\/wp-content\/uploads\/2024\/05\/Materiale-Kastamonu-1-300x194.jpg 300w, https:\/\/3dall.ro\/wp-content\/uploads\/2024\/05\/Materiale-Kastamonu-1-18x12.jpg 18w\" sizes=\"auto, (max-width: 606px) 100vw, 606px\" \/><\/figure>\n<\/div>\n\n\n<figure class=\"wp-block-table\"><table><thead><tr><th class=\"has-text-align-center\" data-align=\"center\">Produc\u0103tor<\/th><th class=\"has-text-align-center\" data-align=\"center\">Nr. Decoruri<\/th><th class=\"has-text-align-center\" data-align=\"center\">Nr. Materiale<\/th><th class=\"has-text-align-center\" data-align=\"center\">Nr. Canturi<\/th><\/tr><\/thead><tbody><tr><td class=\"has-text-align-center\" data-align=\"center\">AGT<\/td><td class=\"has-text-align-center\" data-align=\"center\">196<\/td><td class=\"has-text-align-center\" data-align=\"center\">225<\/td><td class=\"has-text-align-center\" data-align=\"center\">272<\/td><\/tr><tr><td class=\"has-text-align-center\" data-align=\"center\">Egger<\/td><td class=\"has-text-align-center\" data-align=\"center\">343<\/td><td class=\"has-text-align-center\" data-align=\"center\">804<\/td><td class=\"has-text-align-center\" data-align=\"center\">2546<\/td><\/tr><tr><td class=\"has-text-align-center\" data-align=\"center\">Hanex<\/td><td class=\"has-text-align-center\" data-align=\"center\">113<\/td><td class=\"has-text-align-center\" data-align=\"center\">80<\/td><td class=\"has-text-align-center\" data-align=\"center\"><\/td><\/tr><tr><td class=\"has-text-align-center\" data-align=\"center\">Kastamonu<\/td><td class=\"has-text-align-center\" data-align=\"center\">270<\/td><td class=\"has-text-align-center\" data-align=\"center\">524<\/td><td class=\"has-text-align-center\" data-align=\"center\">1720<\/td><\/tr><tr><td class=\"has-text-align-center\" data-align=\"center\">Kronospan<\/td><td class=\"has-text-align-center\" data-align=\"center\">245<\/td><td class=\"has-text-align-center\" data-align=\"center\">880<\/td><td class=\"has-text-align-center\" data-align=\"center\">1970<\/td><\/tr><tr><td class=\"has-text-align-center\" data-align=\"center\">Staron<\/td><td class=\"has-text-align-center\" data-align=\"center\">103<\/td><td class=\"has-text-align-center\" data-align=\"center\">103<\/td><td class=\"has-text-align-center\" data-align=\"center\"><\/td><\/tr><\/tbody><\/table><\/figure>\n\n\n\n<h4 class=\"wp-block-heading\">Alte \u00eembun\u0103t\u0103\u021biri<\/h4>\n\n\n\n<ul class=\"wp-block-list\">\n<li>Unificare conectori de poli\u021b\u0103 dup\u0103 model, astfel \u00eenc\u00e2t s\u0103 nu existe \u00een raport conectori separa\u021bi \u00een func\u021bie de num\u0103rul de g\u0103uri.<\/li>\n\n\n\n<li>Corectare rotire fibr\u0103 la unele decoruri.<\/li>\n\n\n\n<li>Corectare corpuri de buc\u0103t\u0103rie care folosesc material cu grosimea de 25mm sau 36mm.<\/li>\n\n\n\n<li>Corectare materiale diferite pe lateral\u0103 st\u00e2nga \u0219i lateral\u0103 dreapta.<\/li>\n<\/ul>\n\n\n\n<p>Descoper\u0103 lista complet\u0103 a corpurilor configurabile disponibile \u00een <a href=\"https:\/\/3dall.ro\/wp-content\/uploads\/2023\/12\/Lista-corpuri-parametrizabile-3D-ALL-Standard1123_compressed.pdf\">biblioteca 3D ALL<\/a>.<\/p>","protected":false},"excerpt":{"rendered":"<p>Suntem entuziasma\u021bi s\u0103 anun\u021b\u0103m lansarea celei mai noi versiuni a programului nostru de proiectare mobilier, 3D ALL v1.4.0! Ne dedic\u0103m constant \u00eembun\u0103t\u0103\u021birii experien\u021bei utilizatorilor no\u0219tri, oferindu-le instrumente intuitive \u0219i o bibliotec\u0103 bogat\u0103 de op\u021biuni pentru a crea proiecte de mobil\u0103 uimitoare. Corpuri configurabile cu compartimente verticale Am ad\u0103ugat \u00een catalogul de buc\u0103t\u0103rii 3 corpuri noi [&hellip;]<\/p>","protected":false},"author":1,"featured_media":1874,"comment_status":"open","ping_status":"open","sticky":false,"template":"","format":"standard","meta":{"footnotes":""},"categories":[1],"tags":[],"class_list":["post-1866","post","type-post","status-publish","format-standard","has-post-thumbnail","hentry","category-3d-all"],"_links":{"self":[{"href":"https:\/\/3dall.ro\/es\/wp-json\/wp\/v2\/posts\/1866","targetHints":{"allow":["GET"]}}],"collection":[{"href":"https:\/\/3dall.ro\/es\/wp-json\/wp\/v2\/posts"}],"about":[{"href":"https:\/\/3dall.ro\/es\/wp-json\/wp\/v2\/types\/post"}],"author":[{"embeddable":true,"href":"https:\/\/3dall.ro\/es\/wp-json\/wp\/v2\/users\/1"}],"replies":[{"embeddable":true,"href":"https:\/\/3dall.ro\/es\/wp-json\/wp\/v2\/comments?post=1866"}],"version-history":[{"count":9,"href":"https:\/\/3dall.ro\/es\/wp-json\/wp\/v2\/posts\/1866\/revisions"}],"predecessor-version":[{"id":1895,"href":"https:\/\/3dall.ro\/es\/wp-json\/wp\/v2\/posts\/1866\/revisions\/1895"}],"wp:featuredmedia":[{"embeddable":true,"href":"https:\/\/3dall.ro\/es\/wp-json\/wp\/v2\/media\/1874"}],"wp:attachment":[{"href":"https:\/\/3dall.ro\/es\/wp-json\/wp\/v2\/media?parent=1866"}],"wp:term":[{"taxonomy":"category","embeddable":true,"href":"https:\/\/3dall.ro\/es\/wp-json\/wp\/v2\/categories?post=1866"},{"taxonomy":"post_tag","embeddable":true,"href":"https:\/\/3dall.ro\/es\/wp-json\/wp\/v2\/tags?post=1866"}],"curies":[{"name":"wp","href":"https:\/\/api.w.org\/{rel}","templated":true}]}}